{"id":1275,"date":"2018-07-10T21:01:10","date_gmt":"2018-07-11T00:01:10","guid":{"rendered":"https:\/\/lpparaguay.wpengine.com\/?p=1275"},"modified":"2018-07-10T21:04:25","modified_gmt":"2018-07-11T00:04:25","slug":"lp-chile-en-feria-arquitectura-y-diseno","status":"publish","type":"post","link":"https:\/\/lpparaguay.com.py\/pb\/lp-chile-en-feria-arquitectura-y-diseno\/","title":{"rendered":"(Espa\u00f1ol) LP Chile en feria Arquitectura y Dise\u00f1o"},"content":{"rendered":"<p class=\"qtranxs-available-languages-message qtranxs-available-languages-message-pb\">Desculpe-nos, mas este texto est\u00e1 apenas dispon\u00edvel em <a href=\"https:\/\/lpparaguay.com.py\/es\/wp-json\/wp\/v2\/posts\/1275\" class=\"qtranxs-available-language-link qtranxs-available-language-link-es\" title=\"Espa\u00f1ol\">Espa\u00f1ol<\/a>.<\/p>","protected":false},"excerpt":{"rendered":"<p>Desculpe-nos, mas este texto est\u00e1 apenas dispon\u00edvel em Espa\u00f1ol.<\/p>\n","protected":false},"author":2,"featured_media":1276,"comment_status":"open","ping_status":"open","sticky":false,"template":"","format":"standard","meta":{"_acf_changed":false,"inline_featured_image":false,"footnotes":""},"categories":[1],"tags":[],"class_list":["post-1275","post","type-post","status-publish","format-standard","has-post-thumbnail","hentry","category-madera"],"acf":[],"yoast_head":"<!-- This site is optimized with the Yoast SEO plugin v26.9 - https:\/\/yoast.com\/product\/yoast-seo-wordpress\/ -->\n<title>(Espa\u00f1ol) LP Chile en feria Arquitectura y Dise\u00f1o - LP Paraguay<\/title>\n<meta name=\"robots\" content=\"index, follow, max-snippet:-1, max-image-preview:large, max-video-preview:-1\" \/>\n<link rel=\"canonical\" href=\"https:\/\/lpparaguay.com.py\/pb\/lp-chile-en-feria-arquitectura-y-diseno\/\" \/>\n<meta property=\"og:locale\" content=\"pt_BR\" \/>\n<meta property=\"og:type\" content=\"article\" \/>\n<meta property=\"og:title\" content=\"(Espa\u00f1ol) LP Chile en feria Arquitectura y Dise\u00f1o - LP Paraguay\" \/>\n<meta property=\"og:description\" content=\"Desculpe-nos, mas este texto est\u00e1 apenas dispon\u00edvel em Espa\u00f1ol.\" \/>\n<meta property=\"og:url\" content=\"https:\/\/lpparaguay.com.py\/pb\/lp-chile-en-feria-arquitectura-y-diseno\/\" \/>\n<meta property=\"og:site_name\" content=\"LP Paraguay\" \/>\n<meta property=\"article:published_time\" content=\"2018-07-11T00:01:10+00:00\" \/>\n<meta property=\"article:modified_time\" content=\"2018-07-11T00:04:25+00:00\" \/>\n<meta property=\"og:image\" content=\"https:\/\/lpparaguay.com.py\/wp-content\/uploads\/2018\/07\/IMG_0556-e1531267458733.jpg\" \/>\n\t<meta property=\"og:image:width\" content=\"995\" \/>\n\t<meta property=\"og:image:height\" content=\"735\" \/>\n\t<meta property=\"og:image:type\" content=\"image\/jpeg\" \/>\n<meta name=\"author\" content=\"Cristi\u00e1n Sandoval\" \/>\n<meta name=\"twitter:card\" content=\"summary_large_image\" \/>\n<meta name=\"twitter:label1\" content=\"Escrito por\" \/>\n\t<meta name=\"twitter:data1\" content=\"Cristi\u00e1n Sandoval\" \/>\n\t<meta name=\"twitter:label2\" content=\"Est. tempo de leitura\" \/>\n\t<meta name=\"twitter:data2\" content=\"1 minuto\" \/>\n<script type=\"application\/ld+json\" class=\"yoast-schema-graph\">{\"@context\":\"https:\/\/schema.org\",\"@graph\":[{\"@type\":\"Article\",\"@id\":\"https:\/\/lpparaguay.com.py\/lp-chile-en-feria-arquitectura-y-diseno\/#article\",\"isPartOf\":{\"@id\":\"https:\/\/lpparaguay.com.py\/lp-chile-en-feria-arquitectura-y-diseno\/\"},\"author\":{\"name\":\"Cristi\u00e1n Sandoval\",\"@id\":\"https:\/\/lpparaguay.com.py\/#\/schema\/person\/a851c2cd6d562410af801c344bc57cc5\"},\"headline\":\"(Espa\u00f1ol) LP Chile en feria Arquitectura y Dise\u00f1o\",\"datePublished\":\"2018-07-11T00:01:10+00:00\",\"dateModified\":\"2018-07-11T00:04:25+00:00\",\"mainEntityOfPage\":{\"@id\":\"https:\/\/lpparaguay.com.py\/lp-chile-en-feria-arquitectura-y-diseno\/\"},\"wordCount\":179,\"commentCount\":0,\"image\":{\"@id\":\"https:\/\/lpparaguay.com.py\/lp-chile-en-feria-arquitectura-y-diseno\/#primaryimage\"},\"thumbnailUrl\":\"https:\/\/lpparaguay.com.py\/wp-content\/uploads\/2018\/07\/IMG_0556-e1531267458733.jpg\",\"articleSection\":[\"Madera\"],\"inLanguage\":\"pt-BR\"},{\"@type\":\"WebPage\",\"@id\":\"https:\/\/lpparaguay.com.py\/pb\/lp-chile-en-feria-arquitectura-y-diseno\/\",\"url\":\"https:\/\/lpparaguay.com.py\/pb\/lp-chile-en-feria-arquitectura-y-diseno\/\",\"name\":\"(Espa\u00f1ol) LP Chile en feria Arquitectura y Dise\u00f1o - LP Paraguay\",\"isPartOf\":{\"@id\":\"https:\/\/lpparaguay.com.py\/pb\/#website\"},\"primaryImageOfPage\":{\"@id\":\"https:\/\/lpparaguay.com.py\/pb\/lp-chile-en-feria-arquitectura-y-diseno\/#primaryimage\"},\"image\":{\"@id\":\"https:\/\/lpparaguay.com.py\/lp-chile-en-feria-arquitectura-y-diseno\/#primaryimage\"},\"thumbnailUrl\":\"https:\/\/lpparaguay.com.py\/wp-content\/uploads\/2018\/07\/IMG_0556-e1531267458733.jpg\",\"datePublished\":\"2018-07-11T00:01:10+00:00\",\"dateModified\":\"2018-07-11T00:04:25+00:00\",\"author\":{\"@id\":\"https:\/\/lpparaguay.com.py\/#\/schema\/person\/a851c2cd6d562410af801c344bc57cc5\"},\"breadcrumb\":{\"@id\":\"https:\/\/lpparaguay.com.py\/pb\/lp-chile-en-feria-arquitectura-y-diseno\/#breadcrumb\"},\"inLanguage\":\"pt-BR\",\"potentialAction\":[{\"@type\":\"ReadAction\",\"target\":[[\"https:\/\/lpparaguay.com.py\/pb\/lp-chile-en-feria-arquitectura-y-diseno\/\"]]}]},{\"@type\":\"ImageObject\",\"inLanguage\":\"pt-BR\",\"@id\":\"https:\/\/lpparaguay.com.py\/pb\/lp-chile-en-feria-arquitectura-y-diseno\/#primaryimage\",\"url\":\"https:\/\/lpparaguay.com.py\/wp-content\/uploads\/2018\/07\/IMG_0556-e1531267458733.jpg\",\"contentUrl\":\"https:\/\/lpparaguay.com.py\/wp-content\/uploads\/2018\/07\/IMG_0556-e1531267458733.jpg\",\"width\":995,\"height\":735},{\"@type\":\"BreadcrumbList\",\"@id\":\"https:\/\/lpparaguay.com.py\/pb\/lp-chile-en-feria-arquitectura-y-diseno\/#breadcrumb\",\"itemListElement\":[{\"@type\":\"ListItem\",\"position\":1,\"name\":\"Home\",\"item\":\"https:\/\/lpparaguay.com.py\/pb\/\"},{\"@type\":\"ListItem\",\"position\":2,\"name\":\"LP Chile en feria Arquitectura y Dise\u00f1o\"}]},{\"@type\":\"WebSite\",\"@id\":\"https:\/\/lpparaguay.com.py\/pb\/#website\",\"url\":\"https:\/\/lpparaguay.com.py\/pb\/\",\"name\":\"LP Paraguay\",\"description\":\"LP Paraguay\",\"potentialAction\":[{\"@type\":\"SearchAction\",\"target\":{\"@type\":\"EntryPoint\",\"urlTemplate\":\"https:\/\/lpparaguay.com.py\/pb\/?s={search_term_string}\"},\"query-input\":{\"@type\":\"PropertyValueSpecification\",\"valueRequired\":true,\"valueName\":\"search_term_string\"}}],\"inLanguage\":\"pt-BR\"},{\"@type\":\"Person\",\"@id\":\"https:\/\/lpparaguay.com.py\/#\/schema\/person\/a851c2cd6d562410af801c344bc57cc5\",\"name\":\"Cristi\u00e1n Sandoval\",\"image\":{\"@type\":\"ImageObject\",\"inLanguage\":\"pt-BR\",\"@id\":\"https:\/\/lpparaguay.com.py\/pb\/#\/schema\/person\/image\/\",\"url\":\"https:\/\/secure.gravatar.com\/avatar\/7dafd4d13d0d73f775f76b171a127f9195f9607516038dcf2cf9e5eda2992ef1?s=96&d=mm&r=g\",\"contentUrl\":\"https:\/\/secure.gravatar.com\/avatar\/7dafd4d13d0d73f775f76b171a127f9195f9607516038dcf2cf9e5eda2992ef1?s=96&d=mm&r=g\",\"caption\":\"Cristi\u00e1n Sandoval\"},\"url\":\"https:\/\/lpparaguay.com.py\/pb\/author\/cristian\/\"}]}<\/script>\n<!-- \/ Yoast SEO plugin. -->","yoast_head_json":{"title":"(Espa\u00f1ol) LP Chile en feria Arquitectura y Dise\u00f1o - LP Paraguay","robots":{"index":"index","follow":"follow","max-snippet":"max-snippet:-1","max-image-preview":"max-image-preview:large","max-video-preview":"max-video-preview:-1"},"canonical":"https:\/\/lpparaguay.com.py\/pb\/lp-chile-en-feria-arquitectura-y-diseno\/","og_locale":"pt_BR","og_type":"article","og_title":"(Espa\u00f1ol) LP Chile en feria Arquitectura y Dise\u00f1o - LP Paraguay","og_description":"Desculpe-nos, mas este texto est\u00e1 apenas dispon\u00edvel em Espa\u00f1ol.","og_url":"https:\/\/lpparaguay.com.py\/pb\/lp-chile-en-feria-arquitectura-y-diseno\/","og_site_name":"LP Paraguay","article_published_time":"2018-07-11T00:01:10+00:00","article_modified_time":"2018-07-11T00:04:25+00:00","og_image":[{"width":995,"height":735,"url":"https:\/\/lpparaguay.com.py\/wp-content\/uploads\/2018\/07\/IMG_0556-e1531267458733.jpg","type":"image\/jpeg"}],"author":"Cristi\u00e1n Sandoval","twitter_card":"summary_large_image","twitter_misc":{"Escrito por":"Cristi\u00e1n Sandoval","Est. tempo de leitura":"1 minuto"},"schema":{"@context":"https:\/\/schema.org","@graph":[{"@type":"Article","@id":"https:\/\/lpparaguay.com.py\/lp-chile-en-feria-arquitectura-y-diseno\/#article","isPartOf":{"@id":"https:\/\/lpparaguay.com.py\/lp-chile-en-feria-arquitectura-y-diseno\/"},"author":{"name":"Cristi\u00e1n Sandoval","@id":"https:\/\/lpparaguay.com.py\/#\/schema\/person\/a851c2cd6d562410af801c344bc57cc5"},"headline":"(Espa\u00f1ol) LP Chile en feria Arquitectura y Dise\u00f1o","datePublished":"2018-07-11T00:01:10+00:00","dateModified":"2018-07-11T00:04:25+00:00","mainEntityOfPage":{"@id":"https:\/\/lpparaguay.com.py\/lp-chile-en-feria-arquitectura-y-diseno\/"},"wordCount":179,"commentCount":0,"image":{"@id":"https:\/\/lpparaguay.com.py\/lp-chile-en-feria-arquitectura-y-diseno\/#primaryimage"},"thumbnailUrl":"https:\/\/lpparaguay.com.py\/wp-content\/uploads\/2018\/07\/IMG_0556-e1531267458733.jpg","articleSection":["Madera"],"inLanguage":"pt-BR"},{"@type":"WebPage","@id":"https:\/\/lpparaguay.com.py\/pb\/lp-chile-en-feria-arquitectura-y-diseno\/","url":"https:\/\/lpparaguay.com.py\/pb\/lp-chile-en-feria-arquitectura-y-diseno\/","name":"(Espa\u00f1ol) LP Chile en feria Arquitectura y Dise\u00f1o - LP Paraguay","isPartOf":{"@id":"https:\/\/lpparaguay.com.py\/pb\/#website"},"primaryImageOfPage":{"@id":"https:\/\/lpparaguay.com.py\/pb\/lp-chile-en-feria-arquitectura-y-diseno\/#primaryimage"},"image":{"@id":"https:\/\/lpparaguay.com.py\/lp-chile-en-feria-arquitectura-y-diseno\/#primaryimage"},"thumbnailUrl":"https:\/\/lpparaguay.com.py\/wp-content\/uploads\/2018\/07\/IMG_0556-e1531267458733.jpg","datePublished":"2018-07-11T00:01:10+00:00","dateModified":"2018-07-11T00:04:25+00:00","author":{"@id":"https:\/\/lpparaguay.com.py\/#\/schema\/person\/a851c2cd6d562410af801c344bc57cc5"},"breadcrumb":{"@id":"https:\/\/lpparaguay.com.py\/pb\/lp-chile-en-feria-arquitectura-y-diseno\/#breadcrumb"},"inLanguage":"pt-BR","potentialAction":[{"@type":"ReadAction","target":[["https:\/\/lpparaguay.com.py\/pb\/lp-chile-en-feria-arquitectura-y-diseno\/"]]}]},{"@type":"ImageObject","inLanguage":"pt-BR","@id":"https:\/\/lpparaguay.com.py\/pb\/lp-chile-en-feria-arquitectura-y-diseno\/#primaryimage","url":"https:\/\/lpparaguay.com.py\/wp-content\/uploads\/2018\/07\/IMG_0556-e1531267458733.jpg","contentUrl":"https:\/\/lpparaguay.com.py\/wp-content\/uploads\/2018\/07\/IMG_0556-e1531267458733.jpg","width":995,"height":735},{"@type":"BreadcrumbList","@id":"https:\/\/lpparaguay.com.py\/pb\/lp-chile-en-feria-arquitectura-y-diseno\/#breadcrumb","itemListElement":[{"@type":"ListItem","position":1,"name":"Home","item":"https:\/\/lpparaguay.com.py\/pb\/"},{"@type":"ListItem","position":2,"name":"LP Chile en feria Arquitectura y Dise\u00f1o"}]},{"@type":"WebSite","@id":"https:\/\/lpparaguay.com.py\/pb\/#website","url":"https:\/\/lpparaguay.com.py\/pb\/","name":"LP Paraguay","description":"LP Paraguay","potentialAction":[{"@type":"SearchAction","target":{"@type":"EntryPoint","urlTemplate":"https:\/\/lpparaguay.com.py\/pb\/?s={search_term_string}"},"query-input":{"@type":"PropertyValueSpecification","valueRequired":true,"valueName":"search_term_string"}}],"inLanguage":"pt-BR"},{"@type":"Person","@id":"https:\/\/lpparaguay.com.py\/#\/schema\/person\/a851c2cd6d562410af801c344bc57cc5","name":"Cristi\u00e1n Sandoval","image":{"@type":"ImageObject","inLanguage":"pt-BR","@id":"https:\/\/lpparaguay.com.py\/pb\/#\/schema\/person\/image\/","url":"https:\/\/secure.gravatar.com\/avatar\/7dafd4d13d0d73f775f76b171a127f9195f9607516038dcf2cf9e5eda2992ef1?s=96&d=mm&r=g","contentUrl":"https:\/\/secure.gravatar.com\/avatar\/7dafd4d13d0d73f775f76b171a127f9195f9607516038dcf2cf9e5eda2992ef1?s=96&d=mm&r=g","caption":"Cristi\u00e1n Sandoval"},"url":"https:\/\/lpparaguay.com.py\/pb\/author\/cristian\/"}]}},"_links":{"self":[{"href":"https:\/\/lpparaguay.com.py\/pb\/wp-json\/wp\/v2\/posts\/1275","targetHints":{"allow":["GET"]}}],"collection":[{"href":"https:\/\/lpparaguay.com.py\/pb\/wp-json\/wp\/v2\/posts"}],"about":[{"href":"https:\/\/lpparaguay.com.py\/pb\/wp-json\/wp\/v2\/types\/post"}],"author":[{"embeddable":true,"href":"https:\/\/lpparaguay.com.py\/pb\/wp-json\/wp\/v2\/users\/2"}],"replies":[{"embeddable":true,"href":"https:\/\/lpparaguay.com.py\/pb\/wp-json\/wp\/v2\/comments?post=1275"}],"version-history":[{"count":0,"href":"https:\/\/lpparaguay.com.py\/pb\/wp-json\/wp\/v2\/posts\/1275\/revisions"}],"wp:featuredmedia":[{"embeddable":true,"href":"https:\/\/lpparaguay.com.py\/pb\/wp-json\/wp\/v2\/media\/1276"}],"wp:attachment":[{"href":"https:\/\/lpparaguay.com.py\/pb\/wp-json\/wp\/v2\/media?parent=1275"}],"wp:term":[{"taxonomy":"category","embeddable":true,"href":"https:\/\/lpparaguay.com.py\/pb\/wp-json\/wp\/v2\/categories?post=1275"},{"taxonomy":"post_tag","embeddable":true,"href":"https:\/\/lpparaguay.com.py\/pb\/wp-json\/wp\/v2\/tags?post=1275"}],"curies":[{"name":"wp","href":"https:\/\/api.w.org\/{rel}","templated":true}]}}